{"id":17418,"date":"2025-10-15T12:33:08","date_gmt":"2025-10-15T09:33:08","guid":{"rendered":"https:\/\/voimlemispidu.ee\/?p=17418"},"modified":"2025-10-18T12:28:19","modified_gmt":"2025-10-18T09:28:19","slug":"vii-eestimaa-voimlemispeo-oppepaevad","status":"publish","type":"post","link":"https:\/\/voimlemispidu.ee\/en\/vii-eestimaa-voimlemispeo-oppepaevad\/","title":{"rendered":"VII Eestimaa v\u00f5imlemispeo \u00f5ppep\u00e4evad"},"content":{"rendered":"<p>Eestimaa v\u00f5imlemispeo \u00f5ppep\u00e4evad toimuvad 18. oktoobril 2025 Tartus, Turu 8 Spordihoones ja 19. oktoobril 2025 Tallinnas, TalTech Spordihoones.<\/p>\n\n\n\n<p>Vaata Tartu \u00f5ppep\u00e4eva ajakava <a href=\"https:\/\/voimlemispidu.ee\/wp-content\/uploads\/2025\/10\/Tartu-oppepaeva-ajakava-18.10.2025.pdf\">SIIT<\/a>.<\/p>\n\n\n\n<p>Vaata Tallinna \u00f5ppep\u00e4eva ajakava <a href=\"https:\/\/voimlemispidu.ee\/wp-content\/uploads\/2025\/10\/Tallinna-oppepaeva-ajakava-19.10.2025.pdf\">SIIT<\/a>.<\/p>\n\n\n\n<p><\/p>","protected":false},"excerpt":{"rendered":"<p>Eestimaa v\u00f5imlemispeo \u00f5ppep\u00e4evad toimuvad 18. oktoobril 2025 Tartus, Turu 8 Spordihoones ja 19. oktoobril 2025 Tallinnas, TalTech Spordihoones. Vaata Tartu \u00f5ppep\u00e4eva ajakava SIIT. Vaata Tallinna \u00f5ppep\u00e4eva ajakava SIIT.<\/p>","protected":false},"author":516,"featured_media":17411,"comment_status":"open","ping_status":"closed","sticky":false,"template":"","format":"standard","meta":{"footnotes":""},"categories":[489],"tags":[],"class_list":["post-17418","post","type-post","status-publish","format-standard","has-post-thumbnail","hentry","category-loometiimi_tasku"],"yoast_head":"<!-- This site is optimized with the Yoast SEO plugin v27.3 - https:\/\/yoast.com\/product\/yoast-seo-wordpress\/ -->\n<title>VII Eestimaa v\u00f5imlemispeo \u00f5ppep\u00e4evad | V\u00f5imlemispidu.ee<\/title>\n<meta name=\"robots\" content=\"index, follow, max-snippet:-1, max-image-preview:large, max-video-preview:-1\" \/>\n<link rel=\"canonical\" href=\"https:\/\/voimlemispidu.ee\/en\/vii-eestimaa-voimlemispeo-oppepaevad\/\" \/>\n<meta property=\"og:locale\" content=\"en_GB\" \/>\n<meta property=\"og:type\" content=\"article\" \/>\n<meta property=\"og:title\" content=\"VII Eestimaa v\u00f5imlemispeo \u00f5ppep\u00e4evad | V\u00f5imlemispidu.ee\" \/>\n<meta property=\"og:description\" content=\"Eestimaa v\u00f5imlemispeo \u00f5ppep\u00e4evad toimuvad 18. oktoobril 2025 Tartus, Turu 8 Spordihoones ja 19. oktoobril 2025 Tallinnas, TalTech Spordihoones. Vaata Tartu \u00f5ppep\u00e4eva ajakava SIIT. Vaata Tallinna \u00f5ppep\u00e4eva ajakava SIIT.\" \/>\n<meta property=\"og:url\" content=\"https:\/\/voimlemispidu.ee\/en\/vii-eestimaa-voimlemispeo-oppepaevad\/\" \/>\n<meta property=\"og:site_name\" content=\"V\u00f5imlemispidu\" \/>\n<meta property=\"article:publisher\" content=\"https:\/\/www.facebook.com\/5voimlemispidu\" \/>\n<meta property=\"article:published_time\" content=\"2025-10-15T09:33:08+00:00\" \/>\n<meta property=\"article:modified_time\" content=\"2025-10-18T09:28:19+00:00\" \/>\n<meta property=\"og:image\" content=\"https:\/\/voimlemispidu.ee\/wp-content\/uploads\/2025\/05\/aae50cbc-15ff-4bf9-819b-e50b862790ca.jpg\" \/>\n\t<meta property=\"og:image:width\" content=\"309\" \/>\n\t<meta property=\"og:image:height\" content=\"280\" \/>\n\t<meta property=\"og:image:type\" content=\"image\/jpeg\" \/>\n<meta name=\"author\" content=\"Mari P\u00e4rnpuu\" \/>\n<meta name=\"twitter:card\" content=\"summary_large_image\" \/>\n<meta name=\"twitter:label1\" content=\"Written by\" \/>\n\t<meta name=\"twitter:data1\" content=\"Mari P\u00e4rnpuu\" \/>\n\t<meta name=\"twitter:label2\" content=\"Estimated reading time\" \/>\n\t<meta name=\"twitter:data2\" content=\"1 minute\" \/>\n<script type=\"application\/ld+json\" class=\"yoast-schema-graph\">{\"@context\":\"https:\\\/\\\/schema.org\",\"@graph\":[{\"@type\":\"Article\",\"@id\":\"https:\\\/\\\/voimlemispidu.ee\\\/vii-eestimaa-voimlemispeo-oppepaevad\\\/#article\",\"isPartOf\":{\"@id\":\"https:\\\/\\\/voimlemispidu.ee\\\/vii-eestimaa-voimlemispeo-oppepaevad\\\/\"},\"author\":{\"name\":\"Mari P\u00e4rnpuu\",\"@id\":\"https:\\\/\\\/voimlemispidu.ee\\\/#\\\/schema\\\/person\\\/c8fc53025e527197f4b25794ad650bff\"},\"headline\":\"VII Eestimaa v\u00f5imlemispeo \u00f5ppep\u00e4evad\",\"datePublished\":\"2025-10-15T09:33:08+00:00\",\"dateModified\":\"2025-10-18T09:28:19+00:00\",\"mainEntityOfPage\":{\"@id\":\"https:\\\/\\\/voimlemispidu.ee\\\/vii-eestimaa-voimlemispeo-oppepaevad\\\/\"},\"wordCount\":33,\"commentCount\":0,\"publisher\":{\"@id\":\"https:\\\/\\\/voimlemispidu.ee\\\/#organization\"},\"image\":{\"@id\":\"https:\\\/\\\/voimlemispidu.ee\\\/vii-eestimaa-voimlemispeo-oppepaevad\\\/#primaryimage\"},\"thumbnailUrl\":\"https:\\\/\\\/voimlemispidu.ee\\\/wp-content\\\/uploads\\\/2025\\\/05\\\/aae50cbc-15ff-4bf9-819b-e50b862790ca.jpg\",\"articleSection\":[\"Loometiimi tasku\"],\"inLanguage\":\"en-GB\",\"potentialAction\":[{\"@type\":\"CommentAction\",\"name\":\"Comment\",\"target\":[\"https:\\\/\\\/voimlemispidu.ee\\\/vii-eestimaa-voimlemispeo-oppepaevad\\\/#respond\"]}]},{\"@type\":\"WebPage\",\"@id\":\"https:\\\/\\\/voimlemispidu.ee\\\/vii-eestimaa-voimlemispeo-oppepaevad\\\/\",\"url\":\"https:\\\/\\\/voimlemispidu.ee\\\/vii-eestimaa-voimlemispeo-oppepaevad\\\/\",\"name\":\"VII Eestimaa v\u00f5imlemispeo \u00f5ppep\u00e4evad | V\u00f5imlemispidu.ee\",\"isPartOf\":{\"@id\":\"https:\\\/\\\/voimlemispidu.ee\\\/#website\"},\"primaryImageOfPage\":{\"@id\":\"https:\\\/\\\/voimlemispidu.ee\\\/vii-eestimaa-voimlemispeo-oppepaevad\\\/#primaryimage\"},\"image\":{\"@id\":\"https:\\\/\\\/voimlemispidu.ee\\\/vii-eestimaa-voimlemispeo-oppepaevad\\\/#primaryimage\"},\"thumbnailUrl\":\"https:\\\/\\\/voimlemispidu.ee\\\/wp-content\\\/uploads\\\/2025\\\/05\\\/aae50cbc-15ff-4bf9-819b-e50b862790ca.jpg\",\"datePublished\":\"2025-10-15T09:33:08+00:00\",\"dateModified\":\"2025-10-18T09:28:19+00:00\",\"breadcrumb\":{\"@id\":\"https:\\\/\\\/voimlemispidu.ee\\\/vii-eestimaa-voimlemispeo-oppepaevad\\\/#breadcrumb\"},\"inLanguage\":\"en-GB\",\"potentialAction\":[{\"@type\":\"ReadAction\",\"target\":[\"https:\\\/\\\/voimlemispidu.ee\\\/vii-eestimaa-voimlemispeo-oppepaevad\\\/\"]}]},{\"@type\":\"ImageObject\",\"inLanguage\":\"en-GB\",\"@id\":\"https:\\\/\\\/voimlemispidu.ee\\\/vii-eestimaa-voimlemispeo-oppepaevad\\\/#primaryimage\",\"url\":\"https:\\\/\\\/voimlemispidu.ee\\\/wp-content\\\/uploads\\\/2025\\\/05\\\/aae50cbc-15ff-4bf9-819b-e50b862790ca.jpg\",\"contentUrl\":\"https:\\\/\\\/voimlemispidu.ee\\\/wp-content\\\/uploads\\\/2025\\\/05\\\/aae50cbc-15ff-4bf9-819b-e50b862790ca.jpg\",\"width\":309,\"height\":280},{\"@type\":\"BreadcrumbList\",\"@id\":\"https:\\\/\\\/voimlemispidu.ee\\\/vii-eestimaa-voimlemispeo-oppepaevad\\\/#breadcrumb\",\"itemListElement\":[{\"@type\":\"ListItem\",\"position\":1,\"name\":\"Home\",\"item\":\"https:\\\/\\\/voimlemispidu.ee\\\/\"},{\"@type\":\"ListItem\",\"position\":2,\"name\":\"VII Eestimaa v\u00f5imlemispeo \u00f5ppep\u00e4evad\"}]},{\"@type\":\"WebSite\",\"@id\":\"https:\\\/\\\/voimlemispidu.ee\\\/#website\",\"url\":\"https:\\\/\\\/voimlemispidu.ee\\\/\",\"name\":\"V\u00f5imlemispidu.ee\",\"description\":\"V\u00f5imlemispidude ametlik portaal\",\"publisher\":{\"@id\":\"https:\\\/\\\/voimlemispidu.ee\\\/#organization\"},\"potentialAction\":[{\"@type\":\"SearchAction\",\"target\":{\"@type\":\"EntryPoint\",\"urlTemplate\":\"https:\\\/\\\/voimlemispidu.ee\\\/?s={search_term_string}\"},\"query-input\":{\"@type\":\"PropertyValueSpecification\",\"valueRequired\":true,\"valueName\":\"search_term_string\"}}],\"inLanguage\":\"en-GB\"},{\"@type\":\"Organization\",\"@id\":\"https:\\\/\\\/voimlemispidu.ee\\\/#organization\",\"name\":\"V\u00f5imlemispidu.ee\",\"url\":\"https:\\\/\\\/voimlemispidu.ee\\\/\",\"logo\":{\"@type\":\"ImageObject\",\"inLanguage\":\"en-GB\",\"@id\":\"https:\\\/\\\/voimlemispidu.ee\\\/#\\\/schema\\\/logo\\\/image\\\/\",\"url\":\"https:\\\/\\\/voimlemispidu.ee\\\/wp-content\\\/uploads\\\/2020\\\/07\\\/voimlemispidu_logo3_eng.png\",\"contentUrl\":\"https:\\\/\\\/voimlemispidu.ee\\\/wp-content\\\/uploads\\\/2020\\\/07\\\/voimlemispidu_logo3_eng.png\",\"width\":1008,\"height\":245,\"caption\":\"V\u00f5imlemispidu.ee\"},\"image\":{\"@id\":\"https:\\\/\\\/voimlemispidu.ee\\\/#\\\/schema\\\/logo\\\/image\\\/\"},\"sameAs\":[\"https:\\\/\\\/www.facebook.com\\\/5voimlemispidu\"]},{\"@type\":\"Person\",\"@id\":\"https:\\\/\\\/voimlemispidu.ee\\\/#\\\/schema\\\/person\\\/c8fc53025e527197f4b25794ad650bff\",\"name\":\"Mari P\u00e4rnpuu\",\"url\":\"https:\\\/\\\/voimlemispidu.ee\\\/en\\\/author\\\/juhiabimari\\\/\"}]}<\/script>\n<!-- \/ Yoast SEO plugin. -->","yoast_head_json":{"title":"VII Eestimaa v\u00f5imlemispeo \u00f5ppep\u00e4evad | V\u00f5imlemispidu.ee","robots":{"index":"index","follow":"follow","max-snippet":"max-snippet:-1","max-image-preview":"max-image-preview:large","max-video-preview":"max-video-preview:-1"},"canonical":"https:\/\/voimlemispidu.ee\/en\/vii-eestimaa-voimlemispeo-oppepaevad\/","og_locale":"en_GB","og_type":"article","og_title":"VII Eestimaa v\u00f5imlemispeo \u00f5ppep\u00e4evad | V\u00f5imlemispidu.ee","og_description":"Eestimaa v\u00f5imlemispeo \u00f5ppep\u00e4evad toimuvad 18. oktoobril 2025 Tartus, Turu 8 Spordihoones ja 19. oktoobril 2025 Tallinnas, TalTech Spordihoones. Vaata Tartu \u00f5ppep\u00e4eva ajakava SIIT. Vaata Tallinna \u00f5ppep\u00e4eva ajakava SIIT.","og_url":"https:\/\/voimlemispidu.ee\/en\/vii-eestimaa-voimlemispeo-oppepaevad\/","og_site_name":"V\u00f5imlemispidu","article_publisher":"https:\/\/www.facebook.com\/5voimlemispidu","article_published_time":"2025-10-15T09:33:08+00:00","article_modified_time":"2025-10-18T09:28:19+00:00","og_image":[{"width":309,"height":280,"url":"https:\/\/voimlemispidu.ee\/wp-content\/uploads\/2025\/05\/aae50cbc-15ff-4bf9-819b-e50b862790ca.jpg","type":"image\/jpeg"}],"author":"Mari P\u00e4rnpuu","twitter_card":"summary_large_image","twitter_misc":{"Written by":"Mari P\u00e4rnpuu","Estimated reading time":"1 minute"},"schema":{"@context":"https:\/\/schema.org","@graph":[{"@type":"Article","@id":"https:\/\/voimlemispidu.ee\/vii-eestimaa-voimlemispeo-oppepaevad\/#article","isPartOf":{"@id":"https:\/\/voimlemispidu.ee\/vii-eestimaa-voimlemispeo-oppepaevad\/"},"author":{"name":"Mari P\u00e4rnpuu","@id":"https:\/\/voimlemispidu.ee\/#\/schema\/person\/c8fc53025e527197f4b25794ad650bff"},"headline":"VII Eestimaa v\u00f5imlemispeo \u00f5ppep\u00e4evad","datePublished":"2025-10-15T09:33:08+00:00","dateModified":"2025-10-18T09:28:19+00:00","mainEntityOfPage":{"@id":"https:\/\/voimlemispidu.ee\/vii-eestimaa-voimlemispeo-oppepaevad\/"},"wordCount":33,"commentCount":0,"publisher":{"@id":"https:\/\/voimlemispidu.ee\/#organization"},"image":{"@id":"https:\/\/voimlemispidu.ee\/vii-eestimaa-voimlemispeo-oppepaevad\/#primaryimage"},"thumbnailUrl":"https:\/\/voimlemispidu.ee\/wp-content\/uploads\/2025\/05\/aae50cbc-15ff-4bf9-819b-e50b862790ca.jpg","articleSection":["Loometiimi tasku"],"inLanguage":"en-GB","potentialAction":[{"@type":"CommentAction","name":"Comment","target":["https:\/\/voimlemispidu.ee\/vii-eestimaa-voimlemispeo-oppepaevad\/#respond"]}]},{"@type":"WebPage","@id":"https:\/\/voimlemispidu.ee\/vii-eestimaa-voimlemispeo-oppepaevad\/","url":"https:\/\/voimlemispidu.ee\/vii-eestimaa-voimlemispeo-oppepaevad\/","name":"VII Eestimaa v\u00f5imlemispeo \u00f5ppep\u00e4evad | V\u00f5imlemispidu.ee","isPartOf":{"@id":"https:\/\/voimlemispidu.ee\/#website"},"primaryImageOfPage":{"@id":"https:\/\/voimlemispidu.ee\/vii-eestimaa-voimlemispeo-oppepaevad\/#primaryimage"},"image":{"@id":"https:\/\/voimlemispidu.ee\/vii-eestimaa-voimlemispeo-oppepaevad\/#primaryimage"},"thumbnailUrl":"https:\/\/voimlemispidu.ee\/wp-content\/uploads\/2025\/05\/aae50cbc-15ff-4bf9-819b-e50b862790ca.jpg","datePublished":"2025-10-15T09:33:08+00:00","dateModified":"2025-10-18T09:28:19+00:00","breadcrumb":{"@id":"https:\/\/voimlemispidu.ee\/vii-eestimaa-voimlemispeo-oppepaevad\/#breadcrumb"},"inLanguage":"en-GB","potentialAction":[{"@type":"ReadAction","target":["https:\/\/voimlemispidu.ee\/vii-eestimaa-voimlemispeo-oppepaevad\/"]}]},{"@type":"ImageObject","inLanguage":"en-GB","@id":"https:\/\/voimlemispidu.ee\/vii-eestimaa-voimlemispeo-oppepaevad\/#primaryimage","url":"https:\/\/voimlemispidu.ee\/wp-content\/uploads\/2025\/05\/aae50cbc-15ff-4bf9-819b-e50b862790ca.jpg","contentUrl":"https:\/\/voimlemispidu.ee\/wp-content\/uploads\/2025\/05\/aae50cbc-15ff-4bf9-819b-e50b862790ca.jpg","width":309,"height":280},{"@type":"BreadcrumbList","@id":"https:\/\/voimlemispidu.ee\/vii-eestimaa-voimlemispeo-oppepaevad\/#breadcrumb","itemListElement":[{"@type":"ListItem","position":1,"name":"Home","item":"https:\/\/voimlemispidu.ee\/"},{"@type":"ListItem","position":2,"name":"VII Eestimaa v\u00f5imlemispeo \u00f5ppep\u00e4evad"}]},{"@type":"WebSite","@id":"https:\/\/voimlemispidu.ee\/#website","url":"https:\/\/voimlemispidu.ee\/","name":"V\u00f5imlemispidu.ee","description":"V\u00f5imlemispidude ametlik portaal","publisher":{"@id":"https:\/\/voimlemispidu.ee\/#organization"},"potentialAction":[{"@type":"SearchAction","target":{"@type":"EntryPoint","urlTemplate":"https:\/\/voimlemispidu.ee\/?s={search_term_string}"},"query-input":{"@type":"PropertyValueSpecification","valueRequired":true,"valueName":"search_term_string"}}],"inLanguage":"en-GB"},{"@type":"Organization","@id":"https:\/\/voimlemispidu.ee\/#organization","name":"V\u00f5imlemispidu.ee","url":"https:\/\/voimlemispidu.ee\/","logo":{"@type":"ImageObject","inLanguage":"en-GB","@id":"https:\/\/voimlemispidu.ee\/#\/schema\/logo\/image\/","url":"https:\/\/voimlemispidu.ee\/wp-content\/uploads\/2020\/07\/voimlemispidu_logo3_eng.png","contentUrl":"https:\/\/voimlemispidu.ee\/wp-content\/uploads\/2020\/07\/voimlemispidu_logo3_eng.png","width":1008,"height":245,"caption":"V\u00f5imlemispidu.ee"},"image":{"@id":"https:\/\/voimlemispidu.ee\/#\/schema\/logo\/image\/"},"sameAs":["https:\/\/www.facebook.com\/5voimlemispidu"]},{"@type":"Person","@id":"https:\/\/voimlemispidu.ee\/#\/schema\/person\/c8fc53025e527197f4b25794ad650bff","name":"Mari P\u00e4rnpuu","url":"https:\/\/voimlemispidu.ee\/en\/author\/juhiabimari\/"}]}},"_links":{"self":[{"href":"https:\/\/voimlemispidu.ee\/en\/wp-json\/wp\/v2\/posts\/17418","targetHints":{"allow":["GET"]}}],"collection":[{"href":"https:\/\/voimlemispidu.ee\/en\/wp-json\/wp\/v2\/posts"}],"about":[{"href":"https:\/\/voimlemispidu.ee\/en\/wp-json\/wp\/v2\/types\/post"}],"author":[{"embeddable":true,"href":"https:\/\/voimlemispidu.ee\/en\/wp-json\/wp\/v2\/users\/516"}],"replies":[{"embeddable":true,"href":"https:\/\/voimlemispidu.ee\/en\/wp-json\/wp\/v2\/comments?post=17418"}],"version-history":[{"count":2,"href":"https:\/\/voimlemispidu.ee\/en\/wp-json\/wp\/v2\/posts\/17418\/revisions"}],"predecessor-version":[{"id":18074,"href":"https:\/\/voimlemispidu.ee\/en\/wp-json\/wp\/v2\/posts\/17418\/revisions\/18074"}],"wp:featuredmedia":[{"embeddable":true,"href":"https:\/\/voimlemispidu.ee\/en\/wp-json\/wp\/v2\/media\/17411"}],"wp:attachment":[{"href":"https:\/\/voimlemispidu.ee\/en\/wp-json\/wp\/v2\/media?parent=17418"}],"wp:term":[{"taxonomy":"category","embeddable":true,"href":"https:\/\/voimlemispidu.ee\/en\/wp-json\/wp\/v2\/categories?post=17418"},{"taxonomy":"post_tag","embeddable":true,"href":"https:\/\/voimlemispidu.ee\/en\/wp-json\/wp\/v2\/tags?post=17418"}],"curies":[{"name":"wp","href":"https:\/\/api.w.org\/{rel}","templated":true}]}}